{"id":246,"count":42,"description":"<strong>V\u00e9lo de Ville Cargo \u00c9lectrique : Le Transport Durable et Pratique<\/strong>\r\nDe nos jours, les villes sont de plus en plus encombr\u00e9es et les solutions de transport innovantes sont plus que jamais n\u00e9cessaires. Le <strong>v\u00e9lo de ville cargo \u00e9lectrique<\/strong> se positionne comme une alternative id\u00e9ale pour les citadins qui souhaitent allier praticit\u00e9 et respect de l'environnement. Que ce soit pour le transport de marchandises, de colis ou pour r\u00e9aliser des courses quotidiennes, le v\u00e9lo cargo motoris\u00e9 avec assistance \u00e9lectrique est devenu un choix de plus en plus populaire. Cet article explore les diff\u00e9rentes facettes du <strong>v\u00e9lo cargo \u00e9lectrique<\/strong> et pourquoi il constitue une solution parfaite pour ceux qui cherchent \u00e0 se d\u00e9placer de mani\u00e8re efficace et \u00e9cologique.\r\nQu'est-ce qu'un V\u00e9lo de Ville Cargo \u00c9lectrique ?\r\nLe <strong>v\u00e9lo cargo \u00e9lectrique<\/strong> est une version motoris\u00e9e d'un v\u00e9lo de transport traditionnel. Il est con\u00e7u pour transporter des charges lourdes ou volumineuses gr\u00e2ce \u00e0 une large plateforme ou un panier \u00e0 l'avant ou \u00e0 l'arri\u00e8re. L'ajout d'un moteur \u00e9lectrique permet d'effectuer ces trajets avec moins d'effort, m\u00eame lorsque les charges sont lourdes. Que vous soyez un particulier ayant besoin de faire des courses ou un professionnel cherchant une solution de transport durable pour ses marchandises, le <strong>v\u00e9lo \u00e9lectrique utilitaire<\/strong> r\u00e9pond \u00e0 de multiples besoins.","link":"https:\/\/e-veloboutique.fr\/?product_cat=velo-de-ville-cargo-longtail-electrique","name":"V\u00e9los Cargo\/longtail \u00c9lectriques","slug":"velo-de-ville-cargo-longtail-electrique","taxonomy":"product_cat","parent":17,"meta":[],"menu_order":0,"yoast_head":"<!-- This site is optimized with the Yoast SEO plugin v27.5 - https:\/\/yoast.com\/product\/yoast-seo-wordpress\/ -->\n<title>V\u00e9los Cargo\/longtail \u00c9lectriques - e-veloboutique.fr<\/title>\n<meta name=\"description\" content=\"D\u00e9couvrez le v\u00e9lo de ville cargo \u00e9lectrique, id\u00e9al pour le transport lourd et \u00e9cologique en ville. Pratique, puissant et \u00e9conomique !\" \/>\n<meta name=\"robots\" content=\"index, follow, max-snippet:-1, max-image-preview:large, max-video-preview:-1\" \/>\n<link rel=\"canonical\" href=\"https:\/\/e-veloboutique.fr\/?product_cat=velo-de-ville-cargo-longtail-electrique\" \/>\n<meta property=\"og:locale\" content=\"fr_FR\" \/>\n<meta property=\"og:type\" content=\"article\" \/>\n<meta property=\"og:title\" content=\"V\u00e9los Cargo\/longtail \u00c9lectriques - e-veloboutique.fr\" \/>\n<meta property=\"og:description\" content=\"D\u00e9couvrez le v\u00e9lo de ville cargo \u00e9lectrique, id\u00e9al pour le transport lourd et \u00e9cologique en ville. Pratique, puissant et \u00e9conomique !\" \/>\n<meta property=\"og:url\" content=\"https:\/\/e-veloboutique.fr\/?product_cat=velo-de-ville-cargo-longtail-electrique\" \/>\n<meta property=\"og:site_name\" content=\"e-veloboutique.fr\" \/>\n<meta property=\"og:image\" content=\"https:\/\/e-veloboutique.fr\/wp-content\/uploads\/2024\/12\/evelos-boutique.jpg\" \/>\n\t<meta property=\"og:image:width\" content=\"75\" \/>\n\t<meta property=\"og:image:height\" content=\"75\" \/>\n\t<meta property=\"og:image:type\" content=\"image\/jpeg\" \/>\n<meta name=\"twitter:card\" content=\"summary_large_image\" \/>\n<script type=\"application\/ld+json\" class=\"yoast-schema-graph\">{\"@context\":\"https:\\\/\\\/schema.org\",\"@graph\":[{\"@type\":\"CollectionPage\",\"@id\":\"https:\\\/\\\/e-veloboutique.fr\\\/?product_cat=velo-de-ville-cargo-longtail-electrique\",\"url\":\"https:\\\/\\\/e-veloboutique.fr\\\/?product_cat=velo-de-ville-cargo-longtail-electrique\",\"name\":\"V\u00e9los Cargo\\\/longtail \u00c9lectriques - e-veloboutique.fr\",\"isPartOf\":{\"@id\":\"https:\\\/\\\/e-veloboutique.fr\\\/#website\"},\"description\":\"D\u00e9couvrez le v\u00e9lo de ville cargo \u00e9lectrique, id\u00e9al pour le transport lourd et \u00e9cologique en ville. Pratique, puissant et \u00e9conomique !\",\"breadcrumb\":{\"@id\":\"https:\\\/\\\/e-veloboutique.fr\\\/?product_cat=velo-de-ville-cargo-longtail-electrique#breadcrumb\"},\"inLanguage\":\"fr-FR\"},{\"@type\":\"BreadcrumbList\",\"@id\":\"https:\\\/\\\/e-veloboutique.fr\\\/?product_cat=velo-de-ville-cargo-longtail-electrique#breadcrumb\",\"itemListElement\":[{\"@type\":\"ListItem\",\"position\":1,\"name\":\"Accueil\",\"item\":\"https:\\\/\\\/e-veloboutique.fr\\\/\"},{\"@type\":\"ListItem\",\"position\":2,\"name\":\"V\u00e9los \u00e9lectriques\",\"item\":\"https:\\\/\\\/e-veloboutique.fr\\\/?product_cat=velos\"},{\"@type\":\"ListItem\",\"position\":3,\"name\":\"V\u00e9los Cargo\\\/longtail \u00c9lectriques\"}]},{\"@type\":\"WebSite\",\"@id\":\"https:\\\/\\\/e-veloboutique.fr\\\/#website\",\"url\":\"https:\\\/\\\/e-veloboutique.fr\\\/\",\"name\":\"E-velos\",\"description\":\"\",\"publisher\":{\"@id\":\"https:\\\/\\\/e-veloboutique.fr\\\/#organization\"},\"potentialAction\":[{\"@type\":\"SearchAction\",\"target\":{\"@type\":\"EntryPoint\",\"urlTemplate\":\"https:\\\/\\\/e-veloboutique.fr\\\/?s={search_term_string}\"},\"query-input\":{\"@type\":\"PropertyValueSpecification\",\"valueRequired\":true,\"valueName\":\"search_term_string\"}}],\"inLanguage\":\"fr-FR\"},{\"@type\":\"Organization\",\"@id\":\"https:\\\/\\\/e-veloboutique.fr\\\/#organization\",\"name\":\"e-veloboutique.fr\",\"url\":\"https:\\\/\\\/e-veloboutique.fr\\\/\",\"logo\":{\"@type\":\"ImageObject\",\"inLanguage\":\"fr-FR\",\"@id\":\"https:\\\/\\\/e-veloboutique.fr\\\/#\\\/schema\\\/logo\\\/image\\\/\",\"url\":\"https:\\\/\\\/e-veloboutique.fr\\\/wp-content\\\/uploads\\\/2024\\\/12\\\/evelos-boutique.jpg\",\"contentUrl\":\"https:\\\/\\\/e-veloboutique.fr\\\/wp-content\\\/uploads\\\/2024\\\/12\\\/evelos-boutique.jpg\",\"width\":75,\"height\":75,\"caption\":\"e-veloboutique.fr\"},\"image\":{\"@id\":\"https:\\\/\\\/e-veloboutique.fr\\\/#\\\/schema\\\/logo\\\/image\\\/\"}}]}<\/script>\n<!-- \/ Yoast SEO plugin. -->","yoast_head_json":{"title":"V\u00e9los Cargo\/longtail \u00c9lectriques - e-veloboutique.fr","description":"D\u00e9couvrez le v\u00e9lo de ville cargo \u00e9lectrique, id\u00e9al pour le transport lourd et \u00e9cologique en ville. Pratique, puissant et \u00e9conomique !","robots":{"index":"index","follow":"follow","max-snippet":"max-snippet:-1","max-image-preview":"max-image-preview:large","max-video-preview":"max-video-preview:-1"},"canonical":"https:\/\/e-veloboutique.fr\/?product_cat=velo-de-ville-cargo-longtail-electrique","og_locale":"fr_FR","og_type":"article","og_title":"V\u00e9los Cargo\/longtail \u00c9lectriques - e-veloboutique.fr","og_description":"D\u00e9couvrez le v\u00e9lo de ville cargo \u00e9lectrique, id\u00e9al pour le transport lourd et \u00e9cologique en ville. Pratique, puissant et \u00e9conomique !","og_url":"https:\/\/e-veloboutique.fr\/?product_cat=velo-de-ville-cargo-longtail-electrique","og_site_name":"e-veloboutique.fr","og_image":[{"width":75,"height":75,"url":"https:\/\/e-veloboutique.fr\/wp-content\/uploads\/2024\/12\/evelos-boutique.jpg","type":"image\/jpeg"}],"twitter_card":"summary_large_image","schema":{"@context":"https:\/\/schema.org","@graph":[{"@type":"CollectionPage","@id":"https:\/\/e-veloboutique.fr\/?product_cat=velo-de-ville-cargo-longtail-electrique","url":"https:\/\/e-veloboutique.fr\/?product_cat=velo-de-ville-cargo-longtail-electrique","name":"V\u00e9los Cargo\/longtail \u00c9lectriques - e-veloboutique.fr","isPartOf":{"@id":"https:\/\/e-veloboutique.fr\/#website"},"description":"D\u00e9couvrez le v\u00e9lo de ville cargo \u00e9lectrique, id\u00e9al pour le transport lourd et \u00e9cologique en ville. Pratique, puissant et \u00e9conomique !","breadcrumb":{"@id":"https:\/\/e-veloboutique.fr\/?product_cat=velo-de-ville-cargo-longtail-electrique#breadcrumb"},"inLanguage":"fr-FR"},{"@type":"BreadcrumbList","@id":"https:\/\/e-veloboutique.fr\/?product_cat=velo-de-ville-cargo-longtail-electrique#breadcrumb","itemListElement":[{"@type":"ListItem","position":1,"name":"Accueil","item":"https:\/\/e-veloboutique.fr\/"},{"@type":"ListItem","position":2,"name":"V\u00e9los \u00e9lectriques","item":"https:\/\/e-veloboutique.fr\/?product_cat=velos"},{"@type":"ListItem","position":3,"name":"V\u00e9los Cargo\/longtail \u00c9lectriques"}]},{"@type":"WebSite","@id":"https:\/\/e-veloboutique.fr\/#website","url":"https:\/\/e-veloboutique.fr\/","name":"E-velos","description":"","publisher":{"@id":"https:\/\/e-veloboutique.fr\/#organization"},"potentialAction":[{"@type":"SearchAction","target":{"@type":"EntryPoint","urlTemplate":"https:\/\/e-veloboutique.fr\/?s={search_term_string}"},"query-input":{"@type":"PropertyValueSpecification","valueRequired":true,"valueName":"search_term_string"}}],"inLanguage":"fr-FR"},{"@type":"Organization","@id":"https:\/\/e-veloboutique.fr\/#organization","name":"e-veloboutique.fr","url":"https:\/\/e-veloboutique.fr\/","logo":{"@type":"ImageObject","inLanguage":"fr-FR","@id":"https:\/\/e-veloboutique.fr\/#\/schema\/logo\/image\/","url":"https:\/\/e-veloboutique.fr\/wp-content\/uploads\/2024\/12\/evelos-boutique.jpg","contentUrl":"https:\/\/e-veloboutique.fr\/wp-content\/uploads\/2024\/12\/evelos-boutique.jpg","width":75,"height":75,"caption":"e-veloboutique.fr"},"image":{"@id":"https:\/\/e-veloboutique.fr\/#\/schema\/logo\/image\/"}}]}},"_links":{"self":[{"href":"https:\/\/e-veloboutique.fr\/index.php?rest_route=\/wp\/v2\/product_cat\/246","targetHints":{"allow":["GET"]}}],"collection":[{"href":"https:\/\/e-veloboutique.fr\/index.php?rest_route=\/wp\/v2\/product_cat"}],"about":[{"href":"https:\/\/e-veloboutique.fr\/index.php?rest_route=\/wp\/v2\/taxonomies\/product_cat"}],"up":[{"embeddable":true,"href":"https:\/\/e-veloboutique.fr\/index.php?rest_route=\/wp\/v2\/product_cat\/17"}],"wp:post_type":[{"href":"https:\/\/e-veloboutique.fr\/index.php?rest_route=%2Fwp%2Fv2%2Fproduct&product_cat=246"}],"curies":[{"name":"wp","href":"https:\/\/api.w.org\/{rel}","templated":true}]}}